{"id":1263,"date":"2014-05-29T16:13:33","date_gmt":"2014-05-29T16:13:33","guid":{"rendered":"http:\/\/eaprende.com.mandril.avnam.net\/blog\/?p=1263"},"modified":"2015-06-08T15:47:23","modified_gmt":"2015-06-08T15:47:23","slug":"ecommerce-day","status":"publish","type":"post","link":"https:\/\/www.eaprende.com\/blog\/2014\/05\/29\/ecommerce-day\/","title":{"rendered":"eCommerce DAY"},"content":{"rendered":"<p>El Tour de eventos <strong>eCommerce DAY<\/strong> crea un espacio para la difusi\u00f3n, promoci\u00f3n y reflexi\u00f3n sobre la importancia del impacto que ha producido Internet y las nuevas tecnolog\u00edas en la vida, trabajo y negocios de las personas y empresas, permitiendo una mejora en la competitividad de nuestra econom\u00eda y la reducci\u00f3n de la brecha que separa a nuestros emprendedores, empresas y profesionales en diferentes regiones Am\u00e9rica Latina.<\/p>\n<p>&nbsp;<\/p>\n<p><a href=\"http:\/\/eaprende.com.mandril.avnam.net\/blog\/wp-content\/uploads\/2014\/05\/ecommerceday.png\"><img decoding=\"async\" loading=\"lazy\" class=\"aligncenter wp-image-1264 size-full\" src=\"http:\/\/eaprende.com.mandril.avnam.net\/blog\/wp-content\/uploads\/2014\/05\/ecommerceday.png\" alt=\"ecommerceday\" width=\"600\" height=\"521\" srcset=\"https:\/\/www.eaprende.com\/blog\/wp-content\/uploads\/2014\/05\/ecommerceday.png 600w, https:\/\/www.eaprende.com\/blog\/wp-content\/uploads\/2014\/05\/ecommerceday-300x260.png 300w\" sizes=\"(max-width: 600px) 100vw, 600px\" \/><\/a><\/p>\n<p><a title=\"ecommerceday\" href=\"http:\/\/www.ecommerceday.com.py\/2014\/el-evento\/\">www.ecommerceday.com.py\/2014\/el-evento\/<\/a><\/p>\n","protected":false},"excerpt":{"rendered":"<p>El Tour de eventos eCommerce DAY crea un espacio para la difusi\u00f3n, promoci\u00f3n y reflexi\u00f3n sobre la importancia del impacto que ha producido Internet y las nuevas tecnolog\u00edas en la vida, trabajo y negocios de las personas y empresas, permitiendo una mejora en la competitividad de nuestra econom\u00eda y la reducci\u00f3n de la brecha que [&hellip;]<\/p>\n","protected":false},"author":1,"featured_media":1331,"comment_status":"open","ping_status":"open","sticky":false,"template":"","format":"standard","meta":{"_mi_skip_tracking":false,"_monsterinsights_sitenote_active":false,"_monsterinsights_sitenote_note":"","_monsterinsights_sitenote_category":0},"categories":[1],"tags":[],"_links":{"self":[{"href":"https:\/\/www.eaprende.com\/blog\/wp-json\/wp\/v2\/posts\/1263"}],"collection":[{"href":"https:\/\/www.eaprende.com\/blog\/wp-json\/wp\/v2\/posts"}],"about":[{"href":"https:\/\/www.eaprende.com\/blog\/wp-json\/wp\/v2\/types\/post"}],"author":[{"embeddable":true,"href":"https:\/\/www.eaprende.com\/blog\/wp-json\/wp\/v2\/users\/1"}],"replies":[{"embeddable":true,"href":"https:\/\/www.eaprende.com\/blog\/wp-json\/wp\/v2\/comments?post=1263"}],"version-history":[{"count":2,"href":"https:\/\/www.eaprende.com\/blog\/wp-json\/wp\/v2\/posts\/1263\/revisions"}],"predecessor-version":[{"id":1332,"href":"https:\/\/www.eaprende.com\/blog\/wp-json\/wp\/v2\/posts\/1263\/revisions\/1332"}],"wp:featuredmedia":[{"embeddable":true,"href":"https:\/\/www.eaprende.com\/blog\/wp-json\/wp\/v2\/media\/1331"}],"wp:attachment":[{"href":"https:\/\/www.eaprende.com\/blog\/wp-json\/wp\/v2\/media?parent=1263"}],"wp:term":[{"taxonomy":"category","embeddable":true,"href":"https:\/\/www.eaprende.com\/blog\/wp-json\/wp\/v2\/categories?post=1263"},{"taxonomy":"post_tag","embeddable":true,"href":"https:\/\/www.eaprende.com\/blog\/wp-json\/wp\/v2\/tags?post=1263"}],"curies":[{"name":"wp","href":"https:\/\/api.w.org\/{rel}","templated":true}]}}